{"id":46457,"date":"2024-07-18T11:32:28","date_gmt":"2024-07-18T15:32:28","guid":{"rendered":"https:\/\/www.cortezmasto.senate.gov\/?post_type=press_releases&#038;p=46457"},"modified":"2024-07-18T11:32:33","modified_gmt":"2024-07-18T15:32:33","slug":"cortez-masto-y-booker-instan-a-la-administracion-a-ayudar-a-los-dreamers-a-tener-acceso-a-la-cobertura-medica","status":"publish","type":"press_releases","link":"https:\/\/www.cortezmasto.senate.gov\/es\/ultimas-noticias\/comunicados-de-prensa\/cortez-masto-y-booker-instan-a-la-administracion-a-ayudar-a-los-dreamers-a-tener-acceso-a-la-cobertura-medica\/","title":{"rendered":"Cortez Masto y Booker instan a la administraci\u00f3n a ayudar a los Dreamers a tener acceso a la cobertura m\u00e9dica"},"content":{"rendered":"\n<p><em>Hay m\u00e1s de 10,000 beneficiarios de DACA en el estado de Nevada<\/em><\/p>\n\n\n\n<p><strong>Washington, D.C.<\/strong>&nbsp;\u2013 La senadora Catherine Cortez Masto (D-Nev.) se uni\u00f3 a un esfuerzo bicameral, encabezado por el senador Cory Booker (D-N.J), instando al secretario del Departamento de Salud y Servicios Humanos (HHS por sus siglas en ingl\u00e9s), Xavier Becerra, que garantice un buen lanzamiento de la nueva regla de la administraci\u00f3n Biden-Harris que ampl\u00eda la cobertura del seguro m\u00e9dico a los beneficiarios de DACA que pagan impuestos. La nueva pol\u00edtica, que Cortez Masto&nbsp;<a href=\"https:\/\/www.cortezmasto.senate.gov\/wp-content\/uploads\/2024\/07\/2022-DHHS-Letter.pdf\">logr\u00f3<\/a>&nbsp;que el HHS adoptara, permite a los Dreamers comprar seguro m\u00e9dico a trav\u00e9s del mercado de la Ley de Atenci\u00f3n M\u00e9dica Asequible (ACA) a partir del 1 de noviembre de 2024.&nbsp;<strong>En su carta, los legisladores describen los pasos que la administraci\u00f3n debe tomar para una implementaci\u00f3n exitosa, incluyendo asegurarse de que los Dreamers est\u00e9n informados sobre su nueva elegibilidad para cobertura m\u00e9dica, ayudarlos a navegar el registro y abordar las barreras de inscripci\u00f3n.<\/strong><\/p>\n\n\n\n<p>\u201cEscribimos para solicitar que el Departamento de Salud y Servicios Humanos (HHS) asigne recursos adecuados para la divulgaci\u00f3n y asistencia con la inscripci\u00f3n de los beneficiarios de DACA recientemente elegibles para el seguro m\u00e9dico de la&nbsp;<em>Ley de Atenci\u00f3n M\u00e9dica Asequible<\/em>&nbsp;(ACA)\u201d,&nbsp;<strong>escribieron los senadores<\/strong>. &#8220;Para que esta expansi\u00f3n sea exitosa, el HHS debe garantizar que cada individuo recientemente elegible est\u00e9 completamente informado y apoyado durante el proceso de inscripci\u00f3n&#8221;.<\/p>\n\n\n\n<p>&#8220;Tambi\u00e9n le instamos a minimizar las posibilidades de que los beneficiarios de DACA encuentren barreras para inscribirse en Healthcare.gov o la cobertura del mercado&#8221;,&nbsp;<strong>continuaron los senadores<\/strong>.<\/p>\n\n\n\n<p>Adem\u00e1s de los senadores Cortez Masto y Booker, la carta est\u00e1 firmada por los senadores Jacky Rosen, Laphonza Butler (D-Calif.), Dick Durbin (D-Ill.), John Hickenlooper (D-Colo.), Mazie Hirono (D- Hawaii), Angus King (I-Maine), Ben Ray Luj\u00e1n (D-N.M.), Alex Padilla (D-Calif.) y Peter Welch (D-Vt.).<\/p>\n\n\n\n<p>El texto completo de la carta est\u00e1 disponible&nbsp;<strong><a href=\"https:\/\/www.cortezmasto.senate.gov\/wp-content\/uploads\/2024\/07\/quill_-_letter_l19804_-_letter_to_hhs_re_daca_recipients_health_insurance_benefits_outreach_efforts_-_version_3_-_07-15-2024__09-10_pmpdf.pdf\">AQU\u00cd<\/a><\/strong>.<\/p>\n\n\n\n<p>La primera y \u00fanica senadora latina, la senadora Cortez Masto ha trabajado constantemente para reparar nuestro sistema de inmigraci\u00f3n roto equilibrando&nbsp;<a href=\"https:\/\/www.cortezmasto.senate.gov\/news\/press-releases\/cortez-masto-rosen-join-new-legislation-to-respond-to-immediate-needs-at-the-southern-border\" target=\"_blank\" rel=\"noreferrer noopener\">medidas cr\u00edticas de seguridad fronteriza<\/a>&nbsp;con un camino hacia la ciudadan\u00eda para los Dreamers, los titulares de TPS y los trabajadores esenciales.&nbsp;Es copatrocinadora original de la legislacion<em>Dream Act<\/em>&nbsp;para brindar alivio a los beneficiarios de DACA y encabeza la&nbsp;<a href=\"https:\/\/www.cortezmasto.senate.gov\/news\/press-releases\/cortez-masto-durbin-introduce-legislation-to-allow-dreamers-to-work-in-congress\/\">legislaci\u00f3n<\/a>&nbsp;para permitirles trabajar en el Congreso. Ella&nbsp;<a href=\"https:\/\/x.com\/SenCortezMasto\/status\/1786396157540716892\">logr\u00f3<\/a>&nbsp;<a href=\"https:\/\/www.cortezmasto.senate.gov\/news\/press-releases\/following-calls-from-cortez-masto-white-house-expands-health-care-access-for-daca-recipients\/\">que<\/a>&nbsp;la administraci\u00f3n ampliara el acceso a la atenci\u00f3n m\u00e9dica para los beneficiarios de DACA, y&nbsp;<a href=\"https:\/\/www.cortezmasto.senate.gov\/news\/press-releases\/on-9th-anniversary-of-daca-cortez-masto-leads-call-to-fix-daca-program-address-delays\/\">encabez\u00f3 esfuerzos<\/a>&nbsp;para abordar los retrasos en las solicitudes de renovaci\u00f3n de DACA y&nbsp;<a href=\"https:\/\/www.cortezmasto.senate.gov\/news\/press-releases\/cortez-masto-and-colleagues-call-on-administration-to-streamline-cancellation-of-removal-process\/\">facilitar<\/a>&nbsp;que las familias de estatus mixto, los cuidadores familiares y las familias inmigrantes trabajadoras permanezcan juntas.<\/p>\n\n\n\n<p class=\"has-text-align-center\">###<\/p>\n","protected":false},"excerpt":{"rendered":"<p>Hay m\u00e1s de 10,000 beneficiarios de DACA en el estado de Nevada Washington, D.C.&nbsp;\u2013 La senadora Catherine Cortez Masto (D-Nev.) se uni\u00f3 a un esfuerzo bicameral, encabezado por el senador Cory Booker (D-N.J), instando al secretario del Departamento de Salud y Servicios Humanos (HHS por sus siglas en ingl\u00e9s), Xavier Becerra, que garantice un buen [&hellip;]<\/p>\n","protected":false},"author":23,"featured_media":0,"parent":0,"menu_order":0,"template":"","format":"standard","meta":{"_acf_changed":false,"inline_featured_image":false,"footnotes":""},"categories":[],"tags":[],"class_list":["post-46457","press_releases","type-press_releases","status-publish","format-standard","hentry"],"acf":[],"yoast_head":"<!-- This site is optimized with the Yoast SEO plugin v24.0 - https:\/\/yoast.com\/wordpress\/plugins\/seo\/ -->\n<title>Cortez Masto y Booker instan a la administraci\u00f3n a ayudar a los Dreamers a tener acceso a la cobertura m\u00e9dica - Senator Catherine Cortez Masto<\/title>\n<meta name=\"robots\" content=\"index, follow, max-snippet:-1, max-image-preview:large, max-video-preview:-1\" \/>\n<link rel=\"canonical\" href=\"https:\/\/www.cortezmasto.senate.gov\/es\/ultimas-noticias\/comunicados-de-prensa\/cortez-masto-y-booker-instan-a-la-administracion-a-ayudar-a-los-dreamers-a-tener-acceso-a-la-cobertura-medica\/\" \/>\n<meta property=\"og:locale\" content=\"es_ES\" \/>\n<meta property=\"og:type\" content=\"article\" \/>\n<meta property=\"og:title\" content=\"Cortez Masto y Booker instan a la administraci\u00f3n a ayudar a los Dreamers a tener acceso a la cobertura m\u00e9dica - Senator Catherine Cortez Masto\" \/>\n<meta property=\"og:description\" content=\"Hay m\u00e1s de 10,000 beneficiarios de DACA en el estado de Nevada Washington, D.C.&nbsp;\u2013 La senadora Catherine Cortez Masto (D-Nev.) se uni\u00f3 a un esfuerzo bicameral, encabezado por el senador Cory Booker (D-N.J), instando al secretario del Departamento de Salud y Servicios Humanos (HHS por sus siglas en ingl\u00e9s), Xavier Becerra, que garantice un buen [&hellip;]\" \/>\n<meta property=\"og:url\" content=\"https:\/\/www.cortezmasto.senate.gov\/es\/ultimas-noticias\/comunicados-de-prensa\/cortez-masto-y-booker-instan-a-la-administracion-a-ayudar-a-los-dreamers-a-tener-acceso-a-la-cobertura-medica\/\" \/>\n<meta property=\"og:site_name\" content=\"Senator Catherine Cortez Masto\" \/>\n<meta property=\"article:modified_time\" content=\"2024-07-18T15:32:33+00:00\" \/>\n<meta name=\"twitter:card\" content=\"summary_large_image\" \/>\n<meta name=\"twitter:label1\" content=\"Est. reading time\" \/>\n\t<meta name=\"twitter:data1\" content=\"2 minutes\" \/>\n<script type=\"application\/ld+json\" class=\"yoast-schema-graph\">{\"@context\":\"https:\/\/schema.org\",\"@graph\":[{\"@type\":\"WebPage\",\"@id\":\"https:\/\/www.cortezmasto.senate.gov\/es\/ultimas-noticias\/comunicados-de-prensa\/cortez-masto-y-booker-instan-a-la-administracion-a-ayudar-a-los-dreamers-a-tener-acceso-a-la-cobertura-medica\/\",\"url\":\"https:\/\/www.cortezmasto.senate.gov\/es\/ultimas-noticias\/comunicados-de-prensa\/cortez-masto-y-booker-instan-a-la-administracion-a-ayudar-a-los-dreamers-a-tener-acceso-a-la-cobertura-medica\/\",\"name\":\"Cortez Masto y Booker instan a la administraci\u00f3n a ayudar a los Dreamers a tener acceso a la cobertura m\u00e9dica - Senator Catherine Cortez Masto\",\"isPartOf\":{\"@id\":\"https:\/\/www.cortezmasto.senate.gov\/#website\"},\"datePublished\":\"2024-07-18T15:32:28+00:00\",\"dateModified\":\"2024-07-18T15:32:33+00:00\",\"breadcrumb\":{\"@id\":\"https:\/\/www.cortezmasto.senate.gov\/es\/ultimas-noticias\/comunicados-de-prensa\/cortez-masto-y-booker-instan-a-la-administracion-a-ayudar-a-los-dreamers-a-tener-acceso-a-la-cobertura-medica\/#breadcrumb\"},\"inLanguage\":\"es-ES\",\"potentialAction\":[{\"@type\":\"ReadAction\",\"target\":[\"https:\/\/www.cortezmasto.senate.gov\/es\/ultimas-noticias\/comunicados-de-prensa\/cortez-masto-y-booker-instan-a-la-administracion-a-ayudar-a-los-dreamers-a-tener-acceso-a-la-cobertura-medica\/\"]}]},{\"@type\":\"BreadcrumbList\",\"@id\":\"https:\/\/www.cortezmasto.senate.gov\/es\/ultimas-noticias\/comunicados-de-prensa\/cortez-masto-y-booker-instan-a-la-administracion-a-ayudar-a-los-dreamers-a-tener-acceso-a-la-cobertura-medica\/#breadcrumb\",\"itemListElement\":[{\"@type\":\"ListItem\",\"position\":1,\"name\":\"Home\",\"item\":\"https:\/\/www.cortezmasto.senate.gov\/\"},{\"@type\":\"ListItem\",\"position\":2,\"name\":\"Cortez Masto y Booker instan a la administraci\u00f3n a ayudar a los Dreamers a tener acceso a la cobertura m\u00e9dica\"}]},{\"@type\":\"WebSite\",\"@id\":\"https:\/\/www.cortezmasto.senate.gov\/#website\",\"url\":\"https:\/\/www.cortezmasto.senate.gov\/\",\"name\":\"Senator Catherine Cortez Masto\",\"description\":\"U.S. Senator Catherine Cortez Masto of Nevada\",\"publisher\":{\"@id\":\"https:\/\/www.cortezmasto.senate.gov\/#organization\"},\"potentialAction\":[{\"@type\":\"SearchAction\",\"target\":{\"@type\":\"EntryPoint\",\"urlTemplate\":\"https:\/\/www.cortezmasto.senate.gov\/?s={search_term_string}\"},\"query-input\":{\"@type\":\"PropertyValueSpecification\",\"valueRequired\":true,\"valueName\":\"search_term_string\"}}],\"inLanguage\":\"es-ES\"},{\"@type\":\"Organization\",\"@id\":\"https:\/\/www.cortezmasto.senate.gov\/#organization\",\"name\":\"Senator Catherine Cortez Masto\",\"url\":\"https:\/\/www.cortezmasto.senate.gov\/\",\"logo\":{\"@type\":\"ImageObject\",\"inLanguage\":\"es-ES\",\"@id\":\"https:\/\/www.cortezmasto.senate.gov\/#\/schema\/logo\/image\/\",\"url\":\"https:\/\/www.cortezmasto.senate.gov\/wp-content\/uploads\/2023\/02\/CCM_Logo_Primary.svg\",\"contentUrl\":\"https:\/\/www.cortezmasto.senate.gov\/wp-content\/uploads\/2023\/02\/CCM_Logo_Primary.svg\",\"width\":1200,\"height\":626,\"caption\":\"Senator Catherine Cortez Masto\"},\"image\":{\"@id\":\"https:\/\/www.cortezmasto.senate.gov\/#\/schema\/logo\/image\/\"}}]}<\/script>\n<!-- \/ Yoast SEO plugin. -->","yoast_head_json":{"title":"Cortez Masto y Booker instan a la administraci\u00f3n a ayudar a los Dreamers a tener acceso a la cobertura m\u00e9dica - Senator Catherine Cortez Masto","robots":{"index":"index","follow":"follow","max-snippet":"max-snippet:-1","max-image-preview":"max-image-preview:large","max-video-preview":"max-video-preview:-1"},"canonical":"https:\/\/www.cortezmasto.senate.gov\/es\/ultimas-noticias\/comunicados-de-prensa\/cortez-masto-y-booker-instan-a-la-administracion-a-ayudar-a-los-dreamers-a-tener-acceso-a-la-cobertura-medica\/","og_locale":"es_ES","og_type":"article","og_title":"Cortez Masto y Booker instan a la administraci\u00f3n a ayudar a los Dreamers a tener acceso a la cobertura m\u00e9dica - Senator Catherine Cortez Masto","og_description":"Hay m\u00e1s de 10,000 beneficiarios de DACA en el estado de Nevada Washington, D.C.&nbsp;\u2013 La senadora Catherine Cortez Masto (D-Nev.) se uni\u00f3 a un esfuerzo bicameral, encabezado por el senador Cory Booker (D-N.J), instando al secretario del Departamento de Salud y Servicios Humanos (HHS por sus siglas en ingl\u00e9s), Xavier Becerra, que garantice un buen [&hellip;]","og_url":"https:\/\/www.cortezmasto.senate.gov\/es\/ultimas-noticias\/comunicados-de-prensa\/cortez-masto-y-booker-instan-a-la-administracion-a-ayudar-a-los-dreamers-a-tener-acceso-a-la-cobertura-medica\/","og_site_name":"Senator Catherine Cortez Masto","article_modified_time":"2024-07-18T15:32:33+00:00","twitter_card":"summary_large_image","twitter_misc":{"Est. reading time":"2 minutes"},"schema":{"@context":"https:\/\/schema.org","@graph":[{"@type":"WebPage","@id":"https:\/\/www.cortezmasto.senate.gov\/es\/ultimas-noticias\/comunicados-de-prensa\/cortez-masto-y-booker-instan-a-la-administracion-a-ayudar-a-los-dreamers-a-tener-acceso-a-la-cobertura-medica\/","url":"https:\/\/www.cortezmasto.senate.gov\/es\/ultimas-noticias\/comunicados-de-prensa\/cortez-masto-y-booker-instan-a-la-administracion-a-ayudar-a-los-dreamers-a-tener-acceso-a-la-cobertura-medica\/","name":"Cortez Masto y Booker instan a la administraci\u00f3n a ayudar a los Dreamers a tener acceso a la cobertura m\u00e9dica - Senator Catherine Cortez Masto","isPartOf":{"@id":"https:\/\/www.cortezmasto.senate.gov\/#website"},"datePublished":"2024-07-18T15:32:28+00:00","dateModified":"2024-07-18T15:32:33+00:00","breadcrumb":{"@id":"https:\/\/www.cortezmasto.senate.gov\/es\/ultimas-noticias\/comunicados-de-prensa\/cortez-masto-y-booker-instan-a-la-administracion-a-ayudar-a-los-dreamers-a-tener-acceso-a-la-cobertura-medica\/#breadcrumb"},"inLanguage":"es-ES","potentialAction":[{"@type":"ReadAction","target":["https:\/\/www.cortezmasto.senate.gov\/es\/ultimas-noticias\/comunicados-de-prensa\/cortez-masto-y-booker-instan-a-la-administracion-a-ayudar-a-los-dreamers-a-tener-acceso-a-la-cobertura-medica\/"]}]},{"@type":"BreadcrumbList","@id":"https:\/\/www.cortezmasto.senate.gov\/es\/ultimas-noticias\/comunicados-de-prensa\/cortez-masto-y-booker-instan-a-la-administracion-a-ayudar-a-los-dreamers-a-tener-acceso-a-la-cobertura-medica\/#breadcrumb","itemListElement":[{"@type":"ListItem","position":1,"name":"Home","item":"https:\/\/www.cortezmasto.senate.gov\/"},{"@type":"ListItem","position":2,"name":"Cortez Masto y Booker instan a la administraci\u00f3n a ayudar a los Dreamers a tener acceso a la cobertura m\u00e9dica"}]},{"@type":"WebSite","@id":"https:\/\/www.cortezmasto.senate.gov\/#website","url":"https:\/\/www.cortezmasto.senate.gov\/","name":"Senator Catherine Cortez Masto","description":"U.S. Senator Catherine Cortez Masto of Nevada","publisher":{"@id":"https:\/\/www.cortezmasto.senate.gov\/#organization"},"potentialAction":[{"@type":"SearchAction","target":{"@type":"EntryPoint","urlTemplate":"https:\/\/www.cortezmasto.senate.gov\/?s={search_term_string}"},"query-input":{"@type":"PropertyValueSpecification","valueRequired":true,"valueName":"search_term_string"}}],"inLanguage":"es-ES"},{"@type":"Organization","@id":"https:\/\/www.cortezmasto.senate.gov\/#organization","name":"Senator Catherine Cortez Masto","url":"https:\/\/www.cortezmasto.senate.gov\/","logo":{"@type":"ImageObject","inLanguage":"es-ES","@id":"https:\/\/www.cortezmasto.senate.gov\/#\/schema\/logo\/image\/","url":"https:\/\/www.cortezmasto.senate.gov\/wp-content\/uploads\/2023\/02\/CCM_Logo_Primary.svg","contentUrl":"https:\/\/www.cortezmasto.senate.gov\/wp-content\/uploads\/2023\/02\/CCM_Logo_Primary.svg","width":1200,"height":626,"caption":"Senator Catherine Cortez Masto"},"image":{"@id":"https:\/\/www.cortezmasto.senate.gov\/#\/schema\/logo\/image\/"}}]}},"_links":{"self":[{"href":"https:\/\/www.cortezmasto.senate.gov\/es\/wp-json\/wp\/v2\/press_releases\/46457"}],"collection":[{"href":"https:\/\/www.cortezmasto.senate.gov\/es\/wp-json\/wp\/v2\/press_releases"}],"about":[{"href":"https:\/\/www.cortezmasto.senate.gov\/es\/wp-json\/wp\/v2\/types\/press_releases"}],"author":[{"embeddable":true,"href":"https:\/\/www.cortezmasto.senate.gov\/es\/wp-json\/wp\/v2\/users\/23"}],"version-history":[{"count":1,"href":"https:\/\/www.cortezmasto.senate.gov\/es\/wp-json\/wp\/v2\/press_releases\/46457\/revisions"}],"predecessor-version":[{"id":46458,"href":"https:\/\/www.cortezmasto.senate.gov\/es\/wp-json\/wp\/v2\/press_releases\/46457\/revisions\/46458"}],"wp:attachment":[{"href":"https:\/\/www.cortezmasto.senate.gov\/es\/wp-json\/wp\/v2\/media?parent=46457"}],"wp:term":[{"taxonomy":"category","embeddable":true,"href":"https:\/\/www.cortezmasto.senate.gov\/es\/wp-json\/wp\/v2\/categories?post=46457"},{"taxonomy":"post_tag","embeddable":true,"href":"https:\/\/www.cortezmasto.senate.gov\/es\/wp-json\/wp\/v2\/tags?post=46457"}],"curies":[{"name":"wp","href":"https:\/\/api.w.org\/{rel}","templated":true}]}}