{"id":42584,"date":"2023-03-20T16:55:00","date_gmt":"2023-03-20T20:55:00","guid":{"rendered":"https:\/\/www.cortezmasto.senate.gov\/news\/press-releases\/al-punto-con-jorge-ramos-cortez-masto-continua-su-lucha-por-una-reforma-migratoria-sensata\/"},"modified":"2023-10-24T19:53:37","modified_gmt":"2023-10-24T23:53:37","slug":"al-punto-con-jorge-ramos-cortez-masto-continua-su-lucha-por-una-reforma-migratoria-sensata","status":"publish","type":"press_releases","link":"https:\/\/www.cortezmasto.senate.gov\/es\/ultimas-noticias\/comunicados-de-prensa\/al-punto-con-jorge-ramos-cortez-masto-continua-su-lucha-por-una-reforma-migratoria-sensata\/","title":{"rendered":"Al Punto Con Jorge Ramos: Cortez Masto contin\u00faa su lucha por una reforma migratoria sensata"},"content":{"rendered":"<p><b>Por si te lo perdiste<\/b>, la senadora Catherine Cortez Masto (D-Nev.) habl\u00f3 con Jorge Ramos en Al Punto de Univisi\u00f3n sobre su enfoque en torno a la reforma migratoria, incluida la <a href=\"https:\/\/www.cortezmasto.senate.gov\/es\/noticias\/comunicados-de-prensa\/cortez-masto-continua-su-lucha-por-una-reforma-migratoria-sensata\">legislaci\u00f3n<\/a> que est\u00e1 impulsando para acabar con el fraude notarial y hacer arreglos sensatos a nuestro sistema de inmigraci\u00f3n roto, y su trabajo para avanzar un esfuerzo bipartidista para fortalecer la seguridad fronteriza.<\/p>\n<p><b>M\u00e1s informaci\u00f3n:<\/b><\/p>\n<p align=\"center\"><b><a href=\"https:\/\/www.youtube.com\/watch?v=3KlvqIDgSRo\">Univision<\/a><\/b><b> (Broadcast)<\/b><\/p>\n<p><i>RAMOS: En M\u00e9xico y&nbsp;en otros pa\u00edses cuando&nbsp;hablamos de los notarios&nbsp;p\u00fablicos, ellos generalmente&nbsp;son respetados y&nbsp;profesionales y ayudan a&nbsp;resolver problemas legales&nbsp;y mucha gente va con ellos.&nbsp;\u00bfPero qu\u00e9 pasa cuando esos&nbsp;notarios trabajan en EE.UU. y no logran&nbsp;cumplir con todas sus&nbsp;promesas?&nbsp;<\/i><\/p>\n<p><b><i>CORTEZ MASTO<\/i><\/b><i>: <b>Como dijiste,&nbsp;en M\u00e9xico y otros pa\u00edses&nbsp;los notarios son abogados&nbsp;profesionales que pueden&nbsp;ayudar, a veces con&nbsp;asistencia legal o&nbsp;migratoria. Pero en EE.UU, alguien que es&nbsp;notario\u2026puede s\u00f3lo&nbsp;certificar la firma de una&nbsp;persona.<\/b><\/i><\/p>\n<p>[\u2026]<\/p>\n<p><i>RAMOS: \u00bfQu\u00e9 es lo que est\u00e1&nbsp;proponiendo ahora?&nbsp;<\/i><\/p>\n<p><b><i>CORTEZ MASTO<\/i><\/b><i>: <b>Que fuera un delito que&nbsp;cualquiera que se presentara&nbsp;como notario, que acecha a&nbsp;familias inmigrantes&nbsp;tambi\u00e9n.<\/b><\/i><\/p>\n<p><b><i>Y esta legislaci\u00f3n&nbsp;ahora les da a las fuerzas&nbsp;polic\u00edacas herramientas para&nbsp;perseguir a predadores y&nbsp;responsabilizarlos.<\/i><\/b><\/p>\n<p>[\u2026]<\/p>\n<p><i>RAMOS: \u00bfHa&nbsp;perdido fe en una&nbsp;reforma migratoria y cree&nbsp;que es posible trabajar con&nbsp;los republicanos en esto?&nbsp;<\/i><\/p>\n<p><b><i>CORTEZ MASTO<\/i><\/b><i>:<\/i> <b><i>Yo no estoy&nbsp;perdiendo la fe, no me doy&nbsp;por vencida.<\/i><\/b><\/p>\n<p>[\u2026]<\/p>\n<p><b><i>Por eso present\u00e9 la&nbsp;legislaci\u00f3n. La ley de [Equidad] para las Familias&nbsp;Inmigrantes incluye lo que&nbsp;hablamos de fraudes de&nbsp;notarios, pero tambi\u00e9n&nbsp;hace arreglos a un sistema&nbsp;migratorio que no funciona.&nbsp;<\/i><\/b><\/p>\n<p>[\u2026]<\/p>\n","protected":false},"excerpt":{"rendered":"<p>Por si te lo perdiste, la senadora Catherine Cortez Masto (D-Nev.) habl\u00f3 con Jorge Ramos en Al Punto de Univisi\u00f3n sobre su enfoque en torno a la reforma migratoria, incluida la legislaci\u00f3n que est\u00e1 impulsando para acabar con el fraude notarial y hacer arreglos sensatos a nuestro sistema de inmigraci\u00f3n roto, y su trabajo para [&hellip;]<\/p>\n","protected":false},"author":13,"featured_media":0,"parent":0,"menu_order":0,"template":"","format":"standard","meta":{"_acf_changed":false,"inline_featured_image":false,"footnotes":""},"categories":[31],"tags":[],"class_list":["post-42584","press_releases","type-press_releases","status-publish","format-standard","hentry","category-sin-categorizar"],"acf":[],"yoast_head":"<!-- This site is optimized with the Yoast SEO plugin v24.0 - https:\/\/yoast.com\/wordpress\/plugins\/seo\/ -->\n<title>Al Punto Con Jorge Ramos: Cortez Masto contin\u00faa su lucha por una reforma migratoria sensata - Senator Catherine Cortez Masto<\/title>\n<meta name=\"robots\" content=\"index, follow, max-snippet:-1, max-image-preview:large, max-video-preview:-1\" \/>\n<link rel=\"canonical\" href=\"https:\/\/www.cortezmasto.senate.gov\/es\/ultimas-noticias\/comunicados-de-prensa\/al-punto-con-jorge-ramos-cortez-masto-continua-su-lucha-por-una-reforma-migratoria-sensata\/\" \/>\n<meta property=\"og:locale\" content=\"es_ES\" \/>\n<meta property=\"og:type\" content=\"article\" \/>\n<meta property=\"og:title\" content=\"Al Punto Con Jorge Ramos: Cortez Masto contin\u00faa su lucha por una reforma migratoria sensata - Senator Catherine Cortez Masto\" \/>\n<meta property=\"og:description\" content=\"Por si te lo perdiste, la senadora Catherine Cortez Masto (D-Nev.) habl\u00f3 con Jorge Ramos en Al Punto de Univisi\u00f3n sobre su enfoque en torno a la reforma migratoria, incluida la legislaci\u00f3n que est\u00e1 impulsando para acabar con el fraude notarial y hacer arreglos sensatos a nuestro sistema de inmigraci\u00f3n roto, y su trabajo para [&hellip;]\" \/>\n<meta property=\"og:url\" content=\"https:\/\/www.cortezmasto.senate.gov\/es\/ultimas-noticias\/comunicados-de-prensa\/al-punto-con-jorge-ramos-cortez-masto-continua-su-lucha-por-una-reforma-migratoria-sensata\/\" \/>\n<meta property=\"og:site_name\" content=\"Senator Catherine Cortez Masto\" \/>\n<meta property=\"article:modified_time\" content=\"2023-10-24T23:53:37+00:00\" \/>\n<meta name=\"twitter:card\" content=\"summary_large_image\" \/>\n<meta name=\"twitter:label1\" content=\"Est. reading time\" \/>\n\t<meta name=\"twitter:data1\" content=\"2 minutes\" \/>\n<script type=\"application\/ld+json\" class=\"yoast-schema-graph\">{\"@context\":\"https:\/\/schema.org\",\"@graph\":[{\"@type\":\"WebPage\",\"@id\":\"https:\/\/www.cortezmasto.senate.gov\/es\/ultimas-noticias\/comunicados-de-prensa\/al-punto-con-jorge-ramos-cortez-masto-continua-su-lucha-por-una-reforma-migratoria-sensata\/\",\"url\":\"https:\/\/www.cortezmasto.senate.gov\/es\/ultimas-noticias\/comunicados-de-prensa\/al-punto-con-jorge-ramos-cortez-masto-continua-su-lucha-por-una-reforma-migratoria-sensata\/\",\"name\":\"Al Punto Con Jorge Ramos: Cortez Masto contin\u00faa su lucha por una reforma migratoria sensata - Senator Catherine Cortez Masto\",\"isPartOf\":{\"@id\":\"https:\/\/www.cortezmasto.senate.gov\/#website\"},\"datePublished\":\"2023-03-20T20:55:00+00:00\",\"dateModified\":\"2023-10-24T23:53:37+00:00\",\"breadcrumb\":{\"@id\":\"https:\/\/www.cortezmasto.senate.gov\/es\/ultimas-noticias\/comunicados-de-prensa\/al-punto-con-jorge-ramos-cortez-masto-continua-su-lucha-por-una-reforma-migratoria-sensata\/#breadcrumb\"},\"inLanguage\":\"es-ES\",\"potentialAction\":[{\"@type\":\"ReadAction\",\"target\":[\"https:\/\/www.cortezmasto.senate.gov\/es\/ultimas-noticias\/comunicados-de-prensa\/al-punto-con-jorge-ramos-cortez-masto-continua-su-lucha-por-una-reforma-migratoria-sensata\/\"]}]},{\"@type\":\"BreadcrumbList\",\"@id\":\"https:\/\/www.cortezmasto.senate.gov\/es\/ultimas-noticias\/comunicados-de-prensa\/al-punto-con-jorge-ramos-cortez-masto-continua-su-lucha-por-una-reforma-migratoria-sensata\/#breadcrumb\",\"itemListElement\":[{\"@type\":\"ListItem\",\"position\":1,\"name\":\"Home\",\"item\":\"https:\/\/www.cortezmasto.senate.gov\/\"},{\"@type\":\"ListItem\",\"position\":2,\"name\":\"Sin categorizar\",\"item\":\"https:\/\/www.cortezmasto.senate.gov\/category\/sin-categorizar\/\"},{\"@type\":\"ListItem\",\"position\":3,\"name\":\"Al Punto Con Jorge Ramos: Cortez Masto contin\u00faa su lucha por una reforma migratoria sensata\"}]},{\"@type\":\"WebSite\",\"@id\":\"https:\/\/www.cortezmasto.senate.gov\/#website\",\"url\":\"https:\/\/www.cortezmasto.senate.gov\/\",\"name\":\"Senator Catherine Cortez Masto\",\"description\":\"U.S. Senator Catherine Cortez Masto of Nevada\",\"publisher\":{\"@id\":\"https:\/\/www.cortezmasto.senate.gov\/#organization\"},\"potentialAction\":[{\"@type\":\"SearchAction\",\"target\":{\"@type\":\"EntryPoint\",\"urlTemplate\":\"https:\/\/www.cortezmasto.senate.gov\/?s={search_term_string}\"},\"query-input\":{\"@type\":\"PropertyValueSpecification\",\"valueRequired\":true,\"valueName\":\"search_term_string\"}}],\"inLanguage\":\"es-ES\"},{\"@type\":\"Organization\",\"@id\":\"https:\/\/www.cortezmasto.senate.gov\/#organization\",\"name\":\"Senator Catherine Cortez Masto\",\"url\":\"https:\/\/www.cortezmasto.senate.gov\/\",\"logo\":{\"@type\":\"ImageObject\",\"inLanguage\":\"es-ES\",\"@id\":\"https:\/\/www.cortezmasto.senate.gov\/#\/schema\/logo\/image\/\",\"url\":\"https:\/\/www.cortezmasto.senate.gov\/wp-content\/uploads\/2023\/02\/CCM_Logo_Primary.svg\",\"contentUrl\":\"https:\/\/www.cortezmasto.senate.gov\/wp-content\/uploads\/2023\/02\/CCM_Logo_Primary.svg\",\"width\":1200,\"height\":626,\"caption\":\"Senator Catherine Cortez Masto\"},\"image\":{\"@id\":\"https:\/\/www.cortezmasto.senate.gov\/#\/schema\/logo\/image\/\"}}]}<\/script>\n<!-- \/ Yoast SEO plugin. -->","yoast_head_json":{"title":"Al Punto Con Jorge Ramos: Cortez Masto contin\u00faa su lucha por una reforma migratoria sensata - Senator Catherine Cortez Masto","robots":{"index":"index","follow":"follow","max-snippet":"max-snippet:-1","max-image-preview":"max-image-preview:large","max-video-preview":"max-video-preview:-1"},"canonical":"https:\/\/www.cortezmasto.senate.gov\/es\/ultimas-noticias\/comunicados-de-prensa\/al-punto-con-jorge-ramos-cortez-masto-continua-su-lucha-por-una-reforma-migratoria-sensata\/","og_locale":"es_ES","og_type":"article","og_title":"Al Punto Con Jorge Ramos: Cortez Masto contin\u00faa su lucha por una reforma migratoria sensata - Senator Catherine Cortez Masto","og_description":"Por si te lo perdiste, la senadora Catherine Cortez Masto (D-Nev.) habl\u00f3 con Jorge Ramos en Al Punto de Univisi\u00f3n sobre su enfoque en torno a la reforma migratoria, incluida la legislaci\u00f3n que est\u00e1 impulsando para acabar con el fraude notarial y hacer arreglos sensatos a nuestro sistema de inmigraci\u00f3n roto, y su trabajo para [&hellip;]","og_url":"https:\/\/www.cortezmasto.senate.gov\/es\/ultimas-noticias\/comunicados-de-prensa\/al-punto-con-jorge-ramos-cortez-masto-continua-su-lucha-por-una-reforma-migratoria-sensata\/","og_site_name":"Senator Catherine Cortez Masto","article_modified_time":"2023-10-24T23:53:37+00:00","twitter_card":"summary_large_image","twitter_misc":{"Est. reading time":"2 minutes"},"schema":{"@context":"https:\/\/schema.org","@graph":[{"@type":"WebPage","@id":"https:\/\/www.cortezmasto.senate.gov\/es\/ultimas-noticias\/comunicados-de-prensa\/al-punto-con-jorge-ramos-cortez-masto-continua-su-lucha-por-una-reforma-migratoria-sensata\/","url":"https:\/\/www.cortezmasto.senate.gov\/es\/ultimas-noticias\/comunicados-de-prensa\/al-punto-con-jorge-ramos-cortez-masto-continua-su-lucha-por-una-reforma-migratoria-sensata\/","name":"Al Punto Con Jorge Ramos: Cortez Masto contin\u00faa su lucha por una reforma migratoria sensata - Senator Catherine Cortez Masto","isPartOf":{"@id":"https:\/\/www.cortezmasto.senate.gov\/#website"},"datePublished":"2023-03-20T20:55:00+00:00","dateModified":"2023-10-24T23:53:37+00:00","breadcrumb":{"@id":"https:\/\/www.cortezmasto.senate.gov\/es\/ultimas-noticias\/comunicados-de-prensa\/al-punto-con-jorge-ramos-cortez-masto-continua-su-lucha-por-una-reforma-migratoria-sensata\/#breadcrumb"},"inLanguage":"es-ES","potentialAction":[{"@type":"ReadAction","target":["https:\/\/www.cortezmasto.senate.gov\/es\/ultimas-noticias\/comunicados-de-prensa\/al-punto-con-jorge-ramos-cortez-masto-continua-su-lucha-por-una-reforma-migratoria-sensata\/"]}]},{"@type":"BreadcrumbList","@id":"https:\/\/www.cortezmasto.senate.gov\/es\/ultimas-noticias\/comunicados-de-prensa\/al-punto-con-jorge-ramos-cortez-masto-continua-su-lucha-por-una-reforma-migratoria-sensata\/#breadcrumb","itemListElement":[{"@type":"ListItem","position":1,"name":"Home","item":"https:\/\/www.cortezmasto.senate.gov\/"},{"@type":"ListItem","position":2,"name":"Sin categorizar","item":"https:\/\/www.cortezmasto.senate.gov\/category\/sin-categorizar\/"},{"@type":"ListItem","position":3,"name":"Al Punto Con Jorge Ramos: Cortez Masto contin\u00faa su lucha por una reforma migratoria sensata"}]},{"@type":"WebSite","@id":"https:\/\/www.cortezmasto.senate.gov\/#website","url":"https:\/\/www.cortezmasto.senate.gov\/","name":"Senator Catherine Cortez Masto","description":"U.S. Senator Catherine Cortez Masto of Nevada","publisher":{"@id":"https:\/\/www.cortezmasto.senate.gov\/#organization"},"potentialAction":[{"@type":"SearchAction","target":{"@type":"EntryPoint","urlTemplate":"https:\/\/www.cortezmasto.senate.gov\/?s={search_term_string}"},"query-input":{"@type":"PropertyValueSpecification","valueRequired":true,"valueName":"search_term_string"}}],"inLanguage":"es-ES"},{"@type":"Organization","@id":"https:\/\/www.cortezmasto.senate.gov\/#organization","name":"Senator Catherine Cortez Masto","url":"https:\/\/www.cortezmasto.senate.gov\/","logo":{"@type":"ImageObject","inLanguage":"es-ES","@id":"https:\/\/www.cortezmasto.senate.gov\/#\/schema\/logo\/image\/","url":"https:\/\/www.cortezmasto.senate.gov\/wp-content\/uploads\/2023\/02\/CCM_Logo_Primary.svg","contentUrl":"https:\/\/www.cortezmasto.senate.gov\/wp-content\/uploads\/2023\/02\/CCM_Logo_Primary.svg","width":1200,"height":626,"caption":"Senator Catherine Cortez Masto"},"image":{"@id":"https:\/\/www.cortezmasto.senate.gov\/#\/schema\/logo\/image\/"}}]}},"_links":{"self":[{"href":"https:\/\/www.cortezmasto.senate.gov\/es\/wp-json\/wp\/v2\/press_releases\/42584"}],"collection":[{"href":"https:\/\/www.cortezmasto.senate.gov\/es\/wp-json\/wp\/v2\/press_releases"}],"about":[{"href":"https:\/\/www.cortezmasto.senate.gov\/es\/wp-json\/wp\/v2\/types\/press_releases"}],"author":[{"embeddable":true,"href":"https:\/\/www.cortezmasto.senate.gov\/es\/wp-json\/wp\/v2\/users\/13"}],"version-history":[{"count":2,"href":"https:\/\/www.cortezmasto.senate.gov\/es\/wp-json\/wp\/v2\/press_releases\/42584\/revisions"}],"predecessor-version":[{"id":44838,"href":"https:\/\/www.cortezmasto.senate.gov\/es\/wp-json\/wp\/v2\/press_releases\/42584\/revisions\/44838"}],"wp:attachment":[{"href":"https:\/\/www.cortezmasto.senate.gov\/es\/wp-json\/wp\/v2\/media?parent=42584"}],"wp:term":[{"taxonomy":"category","embeddable":true,"href":"https:\/\/www.cortezmasto.senate.gov\/es\/wp-json\/wp\/v2\/categories?post=42584"},{"taxonomy":"post_tag","embeddable":true,"href":"https:\/\/www.cortezmasto.senate.gov\/es\/wp-json\/wp\/v2\/tags?post=42584"}],"curies":[{"name":"wp","href":"https:\/\/api.w.org\/{rel}","templated":true}]}}